{"id":543,"date":"2025-06-05T18:31:32","date_gmt":"2025-06-05T21:31:32","guid":{"rendered":"https:\/\/www.crisgusman.com.br\/?p=543"},"modified":"2025-06-05T18:31:32","modified_gmt":"2025-06-05T21:31:32","slug":"a-arte-existe-porque-a-vida-nao-basta","status":"publish","type":"post","link":"https:\/\/www.crisgusman.com.br\/?p=543","title":{"rendered":"A arte existe porque a vida n\u00e3o basta"},"content":{"rendered":"<p>Hoje \u00e9 domingo e eu estou em S\u00e3o Paulo. Sem compromisso algum. Adoro dias assim.<\/p>\n<p>Me lembrei de uma exposi\u00e7\u00e3o do Calder + Mir\u00f3 no Tomie Ohtake e me programei para almo\u00e7ar por ali e ir na sequ\u00eancia ver a exposi\u00e7\u00e3o. Sozinha.<\/p>\n<p>Tenho viajado bastante, conhecido e revisitado muitos lugares e sempre fa\u00e7o quest\u00e3o de incluir nos meus programas arte, cultura e hist\u00f3ria.<\/p>\n<p>Em 2013, quando fui trabalhar no centro de S\u00e3o Paulo, eu me dispus a conhecer mais dos programas culturais que tem na cidade. Aproveitava um hor\u00e1rio de almo\u00e7o, e ia no Centro Cultural Banco do Brasil. Alguma reuni\u00e3o perto do Parque da Luz? J\u00e1 agendava uma visita no Museu da L\u00edngua Portuguesa.<\/p>\n<p>V\u00e1rios concertos na Sala S\u00e3o Paulo, exposi\u00e7\u00e3o na Pra\u00e7a das Artes, almo\u00e7o no Teatro Municipal, visita \u00e0 Catedral da S\u00e9.<\/p>\n<p>Desde ent\u00e3o, mesmo n\u00e3o trabalhando mais no centro, eu busco colocar na minha rotina programas culturais.<\/p>\n<p>S\u00e3o Paulo tem uma infinidade deles: MASP, MIS, Instituto Tomie Ohtake, Japan House, Farol Santander,\u00a0 Pinacoteca, entre muitos outros.<\/p>\n<p>Quando foi a \u00faltima vez que voc\u00ea visitou algum destes lugares?<\/p>\n<p>Hoje, l\u00e1 na exposi\u00e7\u00e3o, fiquei reparando, e a maioria dos frequentadores era idosos. Uns muito bem, e boa parte deles com seus cuidadores. Me questionei por onde andam as crian\u00e7as e adolescentes. Quem est\u00e1 mostrando arte a cultura para eles?<\/p>\n<p>Na era tecnol\u00f3gica, eu sei que experi\u00eancias 3D, metaversos s\u00e3o mais valorizados. Entendo que talvez ter a aten\u00e7\u00e3o de crian\u00e7as e adolescentes numa exposi\u00e7\u00e3o de arte seja uma batalha.<\/p>\n<p>No entanto, acredito que essa \u00e9 uma batalha que vale lutar. A arte e a cultura nos conectam com nossa humanidade, com a hist\u00f3ria, com sentimentos e reflex\u00f5es que muitas vezes s\u00e3o dif\u00edceis de expressar de outra forma. \u00c9 importante que as novas gera\u00e7\u00f5es aprendam a apreciar essas experi\u00eancias, que vejam valor nelas, que se permitam ser tocadas e inspiradas.<\/p>\n<p>Talvez, ao nos esfor\u00e7armos para introduzir essas experi\u00eancias na vida dos mais jovens, possamos ajud\u00e1-los a desenvolver uma vis\u00e3o de mundo mais rica e diversificada. Quem sabe, ao serem expostos ao trabalho de artistas como Calder e Mir\u00f3, eles possam encontrar um novo interesse, uma nova paix\u00e3o, ou simplesmente um momento de contempla\u00e7\u00e3o em meio \u00e0 correria do dia a dia.<\/p>\n<p>Finalizo o domingo com a sensa\u00e7\u00e3o de ter vivido um dia pleno, enriquecido pela arte e pela reflex\u00e3o. Afinal, a arte existe porque a vida n\u00e3o basta!<\/p>\n<p>A cidade de S\u00e3o Paulo, com toda a sua diversidade cultural, nos oferece oportunidades \u00fanicas de crescimento e aprendizado. Basta aproveit\u00e1-las.<\/p>\n<p>E voc\u00ea, quando vai reservar um tempo para se perder em meio \u00e0 arte e cultura?<\/p>\n<p>&nbsp;<\/p>\n<p><em>TEXTO PUBLICADO EM 25 DE JUNHO DE 2024.<\/em><\/p>\n","protected":false},"excerpt":{"rendered":"<p>Hoje \u00e9 domingo e eu estou em S\u00e3o Paulo. Sem compromisso algum. Adoro dias assim. Me lembrei de uma exposi\u00e7\u00e3o do Calder + Mir\u00f3 no Tomie Ohtake e me programei para almo\u00e7ar por ali e ir na sequ\u00eancia ver a exposi\u00e7\u00e3o. Sozinha. Tenho viajado bastante, conhecido e revisitado muitos lugares e sempre fa\u00e7o quest\u00e3o de [&hellip;]<\/p>\n","protected":false},"author":3,"featured_media":539,"comment_status":"open","ping_status":"open","sticky":false,"template":"","format":"standard","meta":{"footnotes":""},"categories":[26,12],"tags":[46,21,29,47,13,48],"class_list":["post-543","post","type-post","status-publish","format-standard","has-post-thumbnail","hentry","category-coletivo","category-entorno","tag-arte","tag-compromisso","tag-cuidados","tag-cultura","tag-entorno","tag-sao-paulo"],"_links":{"self":[{"href":"https:\/\/www.crisgusman.com.br\/index.php?rest_route=\/wp\/v2\/posts\/543","targetHints":{"allow":["GET"]}}],"collection":[{"href":"https:\/\/www.crisgusman.com.br\/index.php?rest_route=\/wp\/v2\/posts"}],"about":[{"href":"https:\/\/www.crisgusman.com.br\/index.php?rest_route=\/wp\/v2\/types\/post"}],"author":[{"embeddable":true,"href":"https:\/\/www.crisgusman.com.br\/index.php?rest_route=\/wp\/v2\/users\/3"}],"replies":[{"embeddable":true,"href":"https:\/\/www.crisgusman.com.br\/index.php?rest_route=%2Fwp%2Fv2%2Fcomments&post=543"}],"version-history":[{"count":1,"href":"https:\/\/www.crisgusman.com.br\/index.php?rest_route=\/wp\/v2\/posts\/543\/revisions"}],"predecessor-version":[{"id":544,"href":"https:\/\/www.crisgusman.com.br\/index.php?rest_route=\/wp\/v2\/posts\/543\/revisions\/544"}],"wp:featuredmedia":[{"embeddable":true,"href":"https:\/\/www.crisgusman.com.br\/index.php?rest_route=\/wp\/v2\/media\/539"}],"wp:attachment":[{"href":"https:\/\/www.crisgusman.com.br\/index.php?rest_route=%2Fwp%2Fv2%2Fmedia&parent=543"}],"wp:term":[{"taxonomy":"category","embeddable":true,"href":"https:\/\/www.crisgusman.com.br\/index.php?rest_route=%2Fwp%2Fv2%2Fcategories&post=543"},{"taxonomy":"post_tag","embeddable":true,"href":"https:\/\/www.crisgusman.com.br\/index.php?rest_route=%2Fwp%2Fv2%2Ftags&post=543"}],"curies":[{"name":"wp","href":"https:\/\/api.w.org\/{rel}","templated":true}]}}